{"id":36282,"date":"2025-11-28T07:32:00","date_gmt":"2025-11-28T06:32:00","guid":{"rendered":"https:\/\/domainepourtales.ch\/?p=36282"},"modified":"2025-12-16T07:35:20","modified_gmt":"2025-12-16T06:35:20","slug":"arcinfo-chasselas-et-gruyere-neuchatelois-en-haut-de-laffiche","status":"publish","type":"post","link":"https:\/\/domainepourtales.ch\/de\/arcinfo-chasselas-et-gruyere-neuchatelois-en-haut-de-laffiche\/","title":{"rendered":"ARCINFO &#8211; Chasselas et gruy\u00e8re neuch\u00e2telois en haut de l\u2019affiche"},"content":{"rendered":"<p>Le Conseil d\u2019Etat neuch\u00e2telois a honor\u00e9 ce jeudi 27 novembre les stars gastronomiques de l\u2019ann\u00e9e: des producteurs de chasselas et de gruy\u00e8re vainqueurs des s\u00e9lections cantonales ou de comp\u00e9titions majeures.<\/p>\n\n\n\n<p><\/p>\n\n\n\n<div class=\"wp-block-buttons is-layout-flex wp-block-buttons-is-layout-flex\">\n<div class=\"wp-block-button\"><a class=\"wp-block-button__link wp-element-button\" href=\"https:\/\/www.arcinfo.ch\/neuchatel-canton\/chasselas-et-gruyere-neuchatelois-en-haut-de-laffiche-1477565\" target=\"_blank\" rel=\"noreferrer noopener\">Lire l&rsquo;article sur ARCINFO<\/a><\/div>\n<\/div>","protected":false},"excerpt":{"rendered":"<p>Le Conseil d\u2019Etat neuch\u00e2telois a honor\u00e9 ce jeudi 27 novembre les stars gastronomiques de l\u2019ann\u00e9e: des producteurs de chasselas et de gruy\u00e8re vainqueurs des s\u00e9lections cantonales ou de comp\u00e9titions majeures.<\/p>","protected":false},"author":1,"featured_media":36283,"comment_status":"open","ping_status":"open","sticky":false,"template":"","format":"standard","meta":{"_et_pb_use_builder":"off","_et_pb_old_content":"","_et_gb_content_width":"1080","footnotes":""},"categories":[67],"tags":[],"class_list":["post-36282","post","type-post","status-publish","format-standard","has-post-thumbnail","hentry","category-presse"],"yoast_head":"<!-- This site is optimized with the Yoast SEO plugin v27.5 - https:\/\/yoast.com\/product\/yoast-seo-wordpress\/ -->\n<title>ARCINFO - Chasselas et gruy\u00e8re neuch\u00e2telois en haut de l\u2019affiche - Domaine H\u00f4pital Pourtal\u00e8s<\/title>\n<meta name=\"robots\" content=\"index, follow, max-snippet:-1, max-image-preview:large, max-video-preview:-1\" \/>\n<link rel=\"canonical\" href=\"https:\/\/domainepourtales.ch\/de\/arcinfo-chasselas-et-gruyere-neuchatelois-en-haut-de-laffiche\/\" \/>\n<meta property=\"og:locale\" content=\"de_DE\" \/>\n<meta property=\"og:type\" content=\"article\" \/>\n<meta property=\"og:title\" content=\"ARCINFO - Chasselas et gruy\u00e8re neuch\u00e2telois en haut de l\u2019affiche - Domaine H\u00f4pital Pourtal\u00e8s\" \/>\n<meta property=\"og:description\" content=\"Le Conseil d\u2019Etat neuch\u00e2telois a honor\u00e9 ce jeudi 27 novembre les stars gastronomiques de l\u2019ann\u00e9e: des producteurs de chasselas et de gruy\u00e8re vainqueurs des s\u00e9lections cantonales ou de comp\u00e9titions majeures.\" \/>\n<meta property=\"og:url\" content=\"https:\/\/domainepourtales.ch\/de\/arcinfo-chasselas-et-gruyere-neuchatelois-en-haut-de-laffiche\/\" \/>\n<meta property=\"og:site_name\" content=\"Domaine H\u00f4pital Pourtal\u00e8s\" \/>\n<meta property=\"article:published_time\" content=\"2025-11-28T06:32:00+00:00\" \/>\n<meta property=\"article:modified_time\" content=\"2025-12-16T06:35:20+00:00\" \/>\n<meta property=\"og:image\" content=\"https:\/\/domainepourtales.ch\/wp-content\/uploads\/2025\/12\/luv3599-2.jpg.webp\" \/>\n\t<meta property=\"og:image:width\" content=\"1080\" \/>\n\t<meta property=\"og:image:height\" content=\"810\" \/>\n\t<meta property=\"og:image:type\" content=\"image\/webp\" \/>\n<meta name=\"author\" content=\"Nathan\" \/>\n<meta name=\"twitter:card\" content=\"summary_large_image\" \/>\n<meta name=\"twitter:label1\" content=\"Verfasst von\" \/>\n\t<meta name=\"twitter:data1\" content=\"Nathan\" \/>\n\t<meta name=\"twitter:label2\" content=\"Gesch\u00e4tzte Lesezeit\" \/>\n\t<meta name=\"twitter:data2\" content=\"1\u00a0Minute\" \/>\n<script type=\"application\/ld+json\" class=\"yoast-schema-graph\">{\"@context\":\"https:\\\/\\\/schema.org\",\"@graph\":[{\"@type\":\"Article\",\"@id\":\"https:\\\/\\\/domainepourtales.ch\\\/arcinfo-chasselas-et-gruyere-neuchatelois-en-haut-de-laffiche\\\/#article\",\"isPartOf\":{\"@id\":\"https:\\\/\\\/domainepourtales.ch\\\/arcinfo-chasselas-et-gruyere-neuchatelois-en-haut-de-laffiche\\\/\"},\"author\":{\"name\":\"Nathan\",\"@id\":\"https:\\\/\\\/domainepourtales.ch\\\/#\\\/schema\\\/person\\\/4d8a029457a29083863bc71dcea1d791\"},\"headline\":\"ARCINFO &#8211; Chasselas et gruy\u00e8re neuch\u00e2telois en haut de l\u2019affiche\",\"datePublished\":\"2025-11-28T06:32:00+00:00\",\"dateModified\":\"2025-12-16T06:35:20+00:00\",\"mainEntityOfPage\":{\"@id\":\"https:\\\/\\\/domainepourtales.ch\\\/arcinfo-chasselas-et-gruyere-neuchatelois-en-haut-de-laffiche\\\/\"},\"wordCount\":54,\"commentCount\":0,\"image\":{\"@id\":\"https:\\\/\\\/domainepourtales.ch\\\/arcinfo-chasselas-et-gruyere-neuchatelois-en-haut-de-laffiche\\\/#primaryimage\"},\"thumbnailUrl\":\"https:\\\/\\\/domainepourtales.ch\\\/wp-content\\\/uploads\\\/2025\\\/12\\\/luv3599-2.jpg.webp\",\"articleSection\":[\"Presse\"],\"inLanguage\":\"de\",\"potentialAction\":[{\"@type\":\"CommentAction\",\"name\":\"Comment\",\"target\":[\"https:\\\/\\\/domainepourtales.ch\\\/arcinfo-chasselas-et-gruyere-neuchatelois-en-haut-de-laffiche\\\/#respond\"]}]},{\"@type\":\"WebPage\",\"@id\":\"https:\\\/\\\/domainepourtales.ch\\\/arcinfo-chasselas-et-gruyere-neuchatelois-en-haut-de-laffiche\\\/\",\"url\":\"https:\\\/\\\/domainepourtales.ch\\\/arcinfo-chasselas-et-gruyere-neuchatelois-en-haut-de-laffiche\\\/\",\"name\":\"ARCINFO - Chasselas et gruy\u00e8re neuch\u00e2telois en haut de l\u2019affiche - Domaine H\u00f4pital Pourtal\u00e8s\",\"isPartOf\":{\"@id\":\"https:\\\/\\\/domainepourtales.ch\\\/#website\"},\"primaryImageOfPage\":{\"@id\":\"https:\\\/\\\/domainepourtales.ch\\\/arcinfo-chasselas-et-gruyere-neuchatelois-en-haut-de-laffiche\\\/#primaryimage\"},\"image\":{\"@id\":\"https:\\\/\\\/domainepourtales.ch\\\/arcinfo-chasselas-et-gruyere-neuchatelois-en-haut-de-laffiche\\\/#primaryimage\"},\"thumbnailUrl\":\"https:\\\/\\\/domainepourtales.ch\\\/wp-content\\\/uploads\\\/2025\\\/12\\\/luv3599-2.jpg.webp\",\"datePublished\":\"2025-11-28T06:32:00+00:00\",\"dateModified\":\"2025-12-16T06:35:20+00:00\",\"author\":{\"@id\":\"https:\\\/\\\/domainepourtales.ch\\\/#\\\/schema\\\/person\\\/4d8a029457a29083863bc71dcea1d791\"},\"breadcrumb\":{\"@id\":\"https:\\\/\\\/domainepourtales.ch\\\/arcinfo-chasselas-et-gruyere-neuchatelois-en-haut-de-laffiche\\\/#breadcrumb\"},\"inLanguage\":\"de\",\"potentialAction\":[{\"@type\":\"ReadAction\",\"target\":[\"https:\\\/\\\/domainepourtales.ch\\\/arcinfo-chasselas-et-gruyere-neuchatelois-en-haut-de-laffiche\\\/\"]}]},{\"@type\":\"ImageObject\",\"inLanguage\":\"de\",\"@id\":\"https:\\\/\\\/domainepourtales.ch\\\/arcinfo-chasselas-et-gruyere-neuchatelois-en-haut-de-laffiche\\\/#primaryimage\",\"url\":\"https:\\\/\\\/domainepourtales.ch\\\/wp-content\\\/uploads\\\/2025\\\/12\\\/luv3599-2.jpg.webp\",\"contentUrl\":\"https:\\\/\\\/domainepourtales.ch\\\/wp-content\\\/uploads\\\/2025\\\/12\\\/luv3599-2.jpg.webp\",\"width\":1080,\"height\":810},{\"@type\":\"BreadcrumbList\",\"@id\":\"https:\\\/\\\/domainepourtales.ch\\\/arcinfo-chasselas-et-gruyere-neuchatelois-en-haut-de-laffiche\\\/#breadcrumb\",\"itemListElement\":[{\"@type\":\"ListItem\",\"position\":1,\"name\":\"Accueil\",\"item\":\"https:\\\/\\\/domainepourtales.ch\\\/\"},{\"@type\":\"ListItem\",\"position\":2,\"name\":\"ARCINFO &#8211; Chasselas et gruy\u00e8re neuch\u00e2telois en haut de l\u2019affiche\"}]},{\"@type\":\"WebSite\",\"@id\":\"https:\\\/\\\/domainepourtales.ch\\\/#website\",\"url\":\"https:\\\/\\\/domainepourtales.ch\\\/\",\"name\":\"Domaine H\u00f4pital Pourtal\u00e8s\",\"description\":\"Nos vins, pour le bien-\u00eatre des patients\",\"potentialAction\":[{\"@type\":\"SearchAction\",\"target\":{\"@type\":\"EntryPoint\",\"urlTemplate\":\"https:\\\/\\\/domainepourtales.ch\\\/?s={search_term_string}\"},\"query-input\":{\"@type\":\"PropertyValueSpecification\",\"valueRequired\":true,\"valueName\":\"search_term_string\"}}],\"inLanguage\":\"de\"},{\"@type\":\"Person\",\"@id\":\"https:\\\/\\\/domainepourtales.ch\\\/#\\\/schema\\\/person\\\/4d8a029457a29083863bc71dcea1d791\",\"name\":\"Nathan\",\"image\":{\"@type\":\"ImageObject\",\"inLanguage\":\"de\",\"@id\":\"https:\\\/\\\/secure.gravatar.com\\\/avatar\\\/c95ee425710888fc9ca55a4c67a35aa912bcfd70412f5db9ab781601be301d9b?s=96&d=mm&r=g\",\"url\":\"https:\\\/\\\/secure.gravatar.com\\\/avatar\\\/c95ee425710888fc9ca55a4c67a35aa912bcfd70412f5db9ab781601be301d9b?s=96&d=mm&r=g\",\"contentUrl\":\"https:\\\/\\\/secure.gravatar.com\\\/avatar\\\/c95ee425710888fc9ca55a4c67a35aa912bcfd70412f5db9ab781601be301d9b?s=96&d=mm&r=g\",\"caption\":\"Nathan\"},\"sameAs\":[\"http:\\\/\\\/domainepourtales.ch\"],\"url\":\"https:\\\/\\\/domainepourtales.ch\\\/de\\\/author\\\/suppdhdp\\\/\"}]}<\/script>\n<!-- \/ Yoast SEO plugin. -->","yoast_head_json":{"title":"ARCINFO - Chasselas et gruy\u00e8re neuch\u00e2telois en haut de l\u2019affiche - Domaine H\u00f4pital Pourtal\u00e8s","robots":{"index":"index","follow":"follow","max-snippet":"max-snippet:-1","max-image-preview":"max-image-preview:large","max-video-preview":"max-video-preview:-1"},"canonical":"https:\/\/domainepourtales.ch\/de\/arcinfo-chasselas-et-gruyere-neuchatelois-en-haut-de-laffiche\/","og_locale":"de_DE","og_type":"article","og_title":"ARCINFO - Chasselas et gruy\u00e8re neuch\u00e2telois en haut de l\u2019affiche - Domaine H\u00f4pital Pourtal\u00e8s","og_description":"Le Conseil d\u2019Etat neuch\u00e2telois a honor\u00e9 ce jeudi 27 novembre les stars gastronomiques de l\u2019ann\u00e9e: des producteurs de chasselas et de gruy\u00e8re vainqueurs des s\u00e9lections cantonales ou de comp\u00e9titions majeures.","og_url":"https:\/\/domainepourtales.ch\/de\/arcinfo-chasselas-et-gruyere-neuchatelois-en-haut-de-laffiche\/","og_site_name":"Domaine H\u00f4pital Pourtal\u00e8s","article_published_time":"2025-11-28T06:32:00+00:00","article_modified_time":"2025-12-16T06:35:20+00:00","og_image":[{"width":1080,"height":810,"url":"https:\/\/domainepourtales.ch\/wp-content\/uploads\/2025\/12\/luv3599-2.jpg.webp","type":"image\/webp"}],"author":"Nathan","twitter_card":"summary_large_image","twitter_misc":{"Verfasst von":"Nathan","Gesch\u00e4tzte Lesezeit":"1\u00a0Minute"},"schema":{"@context":"https:\/\/schema.org","@graph":[{"@type":"Article","@id":"https:\/\/domainepourtales.ch\/arcinfo-chasselas-et-gruyere-neuchatelois-en-haut-de-laffiche\/#article","isPartOf":{"@id":"https:\/\/domainepourtales.ch\/arcinfo-chasselas-et-gruyere-neuchatelois-en-haut-de-laffiche\/"},"author":{"name":"Nathan","@id":"https:\/\/domainepourtales.ch\/#\/schema\/person\/4d8a029457a29083863bc71dcea1d791"},"headline":"ARCINFO &#8211; Chasselas et gruy\u00e8re neuch\u00e2telois en haut de l\u2019affiche","datePublished":"2025-11-28T06:32:00+00:00","dateModified":"2025-12-16T06:35:20+00:00","mainEntityOfPage":{"@id":"https:\/\/domainepourtales.ch\/arcinfo-chasselas-et-gruyere-neuchatelois-en-haut-de-laffiche\/"},"wordCount":54,"commentCount":0,"image":{"@id":"https:\/\/domainepourtales.ch\/arcinfo-chasselas-et-gruyere-neuchatelois-en-haut-de-laffiche\/#primaryimage"},"thumbnailUrl":"https:\/\/domainepourtales.ch\/wp-content\/uploads\/2025\/12\/luv3599-2.jpg.webp","articleSection":["Presse"],"inLanguage":"de","potentialAction":[{"@type":"CommentAction","name":"Comment","target":["https:\/\/domainepourtales.ch\/arcinfo-chasselas-et-gruyere-neuchatelois-en-haut-de-laffiche\/#respond"]}]},{"@type":"WebPage","@id":"https:\/\/domainepourtales.ch\/arcinfo-chasselas-et-gruyere-neuchatelois-en-haut-de-laffiche\/","url":"https:\/\/domainepourtales.ch\/arcinfo-chasselas-et-gruyere-neuchatelois-en-haut-de-laffiche\/","name":"ARCINFO - Chasselas et gruy\u00e8re neuch\u00e2telois en haut de l\u2019affiche - Domaine H\u00f4pital Pourtal\u00e8s","isPartOf":{"@id":"https:\/\/domainepourtales.ch\/#website"},"primaryImageOfPage":{"@id":"https:\/\/domainepourtales.ch\/arcinfo-chasselas-et-gruyere-neuchatelois-en-haut-de-laffiche\/#primaryimage"},"image":{"@id":"https:\/\/domainepourtales.ch\/arcinfo-chasselas-et-gruyere-neuchatelois-en-haut-de-laffiche\/#primaryimage"},"thumbnailUrl":"https:\/\/domainepourtales.ch\/wp-content\/uploads\/2025\/12\/luv3599-2.jpg.webp","datePublished":"2025-11-28T06:32:00+00:00","dateModified":"2025-12-16T06:35:20+00:00","author":{"@id":"https:\/\/domainepourtales.ch\/#\/schema\/person\/4d8a029457a29083863bc71dcea1d791"},"breadcrumb":{"@id":"https:\/\/domainepourtales.ch\/arcinfo-chasselas-et-gruyere-neuchatelois-en-haut-de-laffiche\/#breadcrumb"},"inLanguage":"de","potentialAction":[{"@type":"ReadAction","target":["https:\/\/domainepourtales.ch\/arcinfo-chasselas-et-gruyere-neuchatelois-en-haut-de-laffiche\/"]}]},{"@type":"ImageObject","inLanguage":"de","@id":"https:\/\/domainepourtales.ch\/arcinfo-chasselas-et-gruyere-neuchatelois-en-haut-de-laffiche\/#primaryimage","url":"https:\/\/domainepourtales.ch\/wp-content\/uploads\/2025\/12\/luv3599-2.jpg.webp","contentUrl":"https:\/\/domainepourtales.ch\/wp-content\/uploads\/2025\/12\/luv3599-2.jpg.webp","width":1080,"height":810},{"@type":"BreadcrumbList","@id":"https:\/\/domainepourtales.ch\/arcinfo-chasselas-et-gruyere-neuchatelois-en-haut-de-laffiche\/#breadcrumb","itemListElement":[{"@type":"ListItem","position":1,"name":"Accueil","item":"https:\/\/domainepourtales.ch\/"},{"@type":"ListItem","position":2,"name":"ARCINFO &#8211; Chasselas et gruy\u00e8re neuch\u00e2telois en haut de l\u2019affiche"}]},{"@type":"WebSite","@id":"https:\/\/domainepourtales.ch\/#website","url":"https:\/\/domainepourtales.ch\/","name":"Domaine H\u00f4pital Pourtal\u00e8s","description":"Unsere Weine, f\u00fcr das Wohlbefinden der Patienten","potentialAction":[{"@type":"SearchAction","target":{"@type":"EntryPoint","urlTemplate":"https:\/\/domainepourtales.ch\/?s={search_term_string}"},"query-input":{"@type":"PropertyValueSpecification","valueRequired":true,"valueName":"search_term_string"}}],"inLanguage":"de"},{"@type":"Person","@id":"https:\/\/domainepourtales.ch\/#\/schema\/person\/4d8a029457a29083863bc71dcea1d791","name":"Nathan","image":{"@type":"ImageObject","inLanguage":"de","@id":"https:\/\/secure.gravatar.com\/avatar\/c95ee425710888fc9ca55a4c67a35aa912bcfd70412f5db9ab781601be301d9b?s=96&d=mm&r=g","url":"https:\/\/secure.gravatar.com\/avatar\/c95ee425710888fc9ca55a4c67a35aa912bcfd70412f5db9ab781601be301d9b?s=96&d=mm&r=g","contentUrl":"https:\/\/secure.gravatar.com\/avatar\/c95ee425710888fc9ca55a4c67a35aa912bcfd70412f5db9ab781601be301d9b?s=96&d=mm&r=g","caption":"Nathan"},"sameAs":["http:\/\/domainepourtales.ch"],"url":"https:\/\/domainepourtales.ch\/de\/author\/suppdhdp\/"}]}},"_links":{"self":[{"href":"https:\/\/domainepourtales.ch\/de\/wp-json\/wp\/v2\/posts\/36282","targetHints":{"allow":["GET"]}}],"collection":[{"href":"https:\/\/domainepourtales.ch\/de\/wp-json\/wp\/v2\/posts"}],"about":[{"href":"https:\/\/domainepourtales.ch\/de\/wp-json\/wp\/v2\/types\/post"}],"author":[{"embeddable":true,"href":"https:\/\/domainepourtales.ch\/de\/wp-json\/wp\/v2\/users\/1"}],"replies":[{"embeddable":true,"href":"https:\/\/domainepourtales.ch\/de\/wp-json\/wp\/v2\/comments?post=36282"}],"version-history":[{"count":1,"href":"https:\/\/domainepourtales.ch\/de\/wp-json\/wp\/v2\/posts\/36282\/revisions"}],"predecessor-version":[{"id":36284,"href":"https:\/\/domainepourtales.ch\/de\/wp-json\/wp\/v2\/posts\/36282\/revisions\/36284"}],"wp:featuredmedia":[{"embeddable":true,"href":"https:\/\/domainepourtales.ch\/de\/wp-json\/wp\/v2\/media\/36283"}],"wp:attachment":[{"href":"https:\/\/domainepourtales.ch\/de\/wp-json\/wp\/v2\/media?parent=36282"}],"wp:term":[{"taxonomy":"category","embeddable":true,"href":"https:\/\/domainepourtales.ch\/de\/wp-json\/wp\/v2\/categories?post=36282"},{"taxonomy":"post_tag","embeddable":true,"href":"https:\/\/domainepourtales.ch\/de\/wp-json\/wp\/v2\/tags?post=36282"}],"curies":[{"name":"wp","href":"https:\/\/api.w.org\/{rel}","templated":true}]}}