{"id":30219,"date":"2023-07-18T14:57:58","date_gmt":"2023-07-18T12:57:58","guid":{"rendered":"https:\/\/domainepourtales.ch\/?p=30219"},"modified":"2023-07-18T14:58:00","modified_gmt":"2023-07-18T12:58:00","slug":"resultats-et-remise-de-prix-de-la-selection-des-vins-de-neuchatel","status":"publish","type":"post","link":"https:\/\/domainepourtales.ch\/de\/resultats-et-remise-de-prix-de-la-selection-des-vins-de-neuchatel\/","title":{"rendered":"Ergebnisse und Preisverleihung der S\u00e9lection des Vins de Neuch\u00e2tel"},"content":{"rendered":"<p>De magnifique r\u00e9compense pour nos vins! 3 s\u00e9lections Or, avec le chasselas Non Filtr\u00e9 2022, le Chardonnay 2022 et notre Mousseux de Chasselas brut.<\/p>\n\n\n\n<p><strong>Les encaveurs neuch\u00e2telois se sont retrouv\u00e9s dans le cadre idyllique du Ch\u00e2teau de Neuch\u00e2tel, pour la remise de la S\u00e9lection des Vins de Neuch\u00e2tel. Sur 259 vins pr\u00e9sent\u00e9s, 69 ont \u00e9t\u00e9 gratifi\u00e9s d\u2019une s\u00e9lection or.<\/strong><\/p>\n\n\n\n<p>La d\u00e9gustation de la S\u00e9lection des Vins de Neuch\u00e2tel s\u2019est d\u00e9roul\u00e9e du 7 au 9 juin 2023 au Ch\u00e2teau de Boudry. Cette ann\u00e9e, un jury professionnel a eu l\u2019occasion de d\u00e9guster 259 vins provenant de 31 vignerons de Neuch\u00e2tel, 2 vignerons du Vully et 1 vigneron de la R\u00e9gion du Lac de Bienne. Lors du gala de remise, M. Laurent Favre, Conseiller d\u2019\u00c9tat responsable du D\u00e9partement du d\u00e9veloppement territorial et de l\u2019environnement, ainsi que M. Yann Huguelit, Pr\u00e9sident de l\u2019Interprofession viti-vinicole neuch\u00e2teloise, ont d\u00e9cern\u00e9 le prix d\u2019Ambassadeur des vins de Neuch\u00e2tel \u00e0 la Cave Alain Gerber en reconnaissance de la qualit\u00e9 des vins qu\u2019elle a pr\u00e9sent\u00e9s lors du concours.<\/p>","protected":false},"excerpt":{"rendered":"<p>De magnifique r\u00e9compense pour nos vins! 3 s\u00e9lections Or, avec le chasselas Non Filtr\u00e9 2022, le Chardonnay 2022 et notre Mousseux de Chasselas brut. Les encaveurs neuch\u00e2telois se sont retrouv\u00e9s dans le cadre idyllique du Ch\u00e2teau de Neuch\u00e2tel, pour la remise de la S\u00e9lection des Vins de Neuch\u00e2tel. Sur 259 vins pr\u00e9sent\u00e9s, 69 ont \u00e9t\u00e9 [&hellip;]<\/p>\n","protected":false},"author":1,"featured_media":30220,"comment_status":"open","ping_status":"open","sticky":false,"template":"","format":"standard","meta":{"_et_pb_use_builder":"off","_et_pb_old_content":"","_et_gb_content_width":"","footnotes":""},"categories":[1],"tags":[],"class_list":["post-30219","post","type-post","status-publish","format-standard","has-post-thumbnail","hentry","category-actualites"],"yoast_head":"<!-- This site is optimized with the Yoast SEO plugin v27.5 - https:\/\/yoast.com\/product\/yoast-seo-wordpress\/ -->\n<title>R\u00e9sultats et remise de prix de la S\u00e9lection des Vins de Neuch\u00e2tel - Domaine H\u00f4pital Pourtal\u00e8s<\/title>\n<meta name=\"robots\" content=\"index, follow, max-snippet:-1, max-image-preview:large, max-video-preview:-1\" \/>\n<link rel=\"canonical\" href=\"https:\/\/domainepourtales.ch\/de\/resultats-et-remise-de-prix-de-la-selection-des-vins-de-neuchatel\/\" \/>\n<meta property=\"og:locale\" content=\"de_DE\" \/>\n<meta property=\"og:type\" content=\"article\" \/>\n<meta property=\"og:title\" content=\"R\u00e9sultats et remise de prix de la S\u00e9lection des Vins de Neuch\u00e2tel - Domaine H\u00f4pital Pourtal\u00e8s\" \/>\n<meta property=\"og:description\" content=\"De magnifique r\u00e9compense pour nos vins! 3 s\u00e9lections Or, avec le chasselas Non Filtr\u00e9 2022, le Chardonnay 2022 et notre Mousseux de Chasselas brut. Les encaveurs neuch\u00e2telois se sont retrouv\u00e9s dans le cadre idyllique du Ch\u00e2teau de Neuch\u00e2tel, pour la remise de la S\u00e9lection des Vins de Neuch\u00e2tel. Sur 259 vins pr\u00e9sent\u00e9s, 69 ont \u00e9t\u00e9 [&hellip;]\" \/>\n<meta property=\"og:url\" content=\"https:\/\/domainepourtales.ch\/de\/resultats-et-remise-de-prix-de-la-selection-des-vins-de-neuchatel\/\" \/>\n<meta property=\"og:site_name\" content=\"Domaine H\u00f4pital Pourtal\u00e8s\" \/>\n<meta property=\"article:published_time\" content=\"2023-07-18T12:57:58+00:00\" \/>\n<meta property=\"article:modified_time\" content=\"2023-07-18T12:58:00+00:00\" \/>\n<meta property=\"og:image\" content=\"https:\/\/domainepourtales.ch\/wp-content\/uploads\/2023\/07\/Photo-medaille-dor-scaled.jpg\" \/>\n\t<meta property=\"og:image:width\" content=\"2560\" \/>\n\t<meta property=\"og:image:height\" content=\"1707\" \/>\n\t<meta property=\"og:image:type\" content=\"image\/jpeg\" \/>\n<meta name=\"author\" content=\"Nathan\" \/>\n<meta name=\"twitter:card\" content=\"summary_large_image\" \/>\n<meta name=\"twitter:label1\" content=\"Verfasst von\" \/>\n\t<meta name=\"twitter:data1\" content=\"Nathan\" \/>\n\t<meta name=\"twitter:label2\" content=\"Gesch\u00e4tzte Lesezeit\" \/>\n\t<meta name=\"twitter:data2\" content=\"1\u00a0Minute\" \/>\n<script type=\"application\/ld+json\" class=\"yoast-schema-graph\">{\"@context\":\"https:\\\/\\\/schema.org\",\"@graph\":[{\"@type\":\"Article\",\"@id\":\"https:\\\/\\\/domainepourtales.ch\\\/resultats-et-remise-de-prix-de-la-selection-des-vins-de-neuchatel\\\/#article\",\"isPartOf\":{\"@id\":\"https:\\\/\\\/domainepourtales.ch\\\/resultats-et-remise-de-prix-de-la-selection-des-vins-de-neuchatel\\\/\"},\"author\":{\"name\":\"Nathan\",\"@id\":\"https:\\\/\\\/domainepourtales.ch\\\/#\\\/schema\\\/person\\\/4d8a029457a29083863bc71dcea1d791\"},\"headline\":\"R\u00e9sultats et remise de prix de la S\u00e9lection des Vins de Neuch\u00e2tel\",\"datePublished\":\"2023-07-18T12:57:58+00:00\",\"dateModified\":\"2023-07-18T12:58:00+00:00\",\"mainEntityOfPage\":{\"@id\":\"https:\\\/\\\/domainepourtales.ch\\\/resultats-et-remise-de-prix-de-la-selection-des-vins-de-neuchatel\\\/\"},\"wordCount\":208,\"commentCount\":0,\"image\":{\"@id\":\"https:\\\/\\\/domainepourtales.ch\\\/resultats-et-remise-de-prix-de-la-selection-des-vins-de-neuchatel\\\/#primaryimage\"},\"thumbnailUrl\":\"https:\\\/\\\/domainepourtales.ch\\\/wp-content\\\/uploads\\\/2023\\\/07\\\/Photo-medaille-dor-scaled.jpg\",\"articleSection\":[\"Actualit\u00e9s\"],\"inLanguage\":\"de\",\"potentialAction\":[{\"@type\":\"CommentAction\",\"name\":\"Comment\",\"target\":[\"https:\\\/\\\/domainepourtales.ch\\\/resultats-et-remise-de-prix-de-la-selection-des-vins-de-neuchatel\\\/#respond\"]}]},{\"@type\":\"WebPage\",\"@id\":\"https:\\\/\\\/domainepourtales.ch\\\/resultats-et-remise-de-prix-de-la-selection-des-vins-de-neuchatel\\\/\",\"url\":\"https:\\\/\\\/domainepourtales.ch\\\/resultats-et-remise-de-prix-de-la-selection-des-vins-de-neuchatel\\\/\",\"name\":\"R\u00e9sultats et remise de prix de la S\u00e9lection des Vins de Neuch\u00e2tel - Domaine H\u00f4pital Pourtal\u00e8s\",\"isPartOf\":{\"@id\":\"https:\\\/\\\/domainepourtales.ch\\\/#website\"},\"primaryImageOfPage\":{\"@id\":\"https:\\\/\\\/domainepourtales.ch\\\/resultats-et-remise-de-prix-de-la-selection-des-vins-de-neuchatel\\\/#primaryimage\"},\"image\":{\"@id\":\"https:\\\/\\\/domainepourtales.ch\\\/resultats-et-remise-de-prix-de-la-selection-des-vins-de-neuchatel\\\/#primaryimage\"},\"thumbnailUrl\":\"https:\\\/\\\/domainepourtales.ch\\\/wp-content\\\/uploads\\\/2023\\\/07\\\/Photo-medaille-dor-scaled.jpg\",\"datePublished\":\"2023-07-18T12:57:58+00:00\",\"dateModified\":\"2023-07-18T12:58:00+00:00\",\"author\":{\"@id\":\"https:\\\/\\\/domainepourtales.ch\\\/#\\\/schema\\\/person\\\/4d8a029457a29083863bc71dcea1d791\"},\"breadcrumb\":{\"@id\":\"https:\\\/\\\/domainepourtales.ch\\\/resultats-et-remise-de-prix-de-la-selection-des-vins-de-neuchatel\\\/#breadcrumb\"},\"inLanguage\":\"de\",\"potentialAction\":[{\"@type\":\"ReadAction\",\"target\":[\"https:\\\/\\\/domainepourtales.ch\\\/resultats-et-remise-de-prix-de-la-selection-des-vins-de-neuchatel\\\/\"]}]},{\"@type\":\"ImageObject\",\"inLanguage\":\"de\",\"@id\":\"https:\\\/\\\/domainepourtales.ch\\\/resultats-et-remise-de-prix-de-la-selection-des-vins-de-neuchatel\\\/#primaryimage\",\"url\":\"https:\\\/\\\/domainepourtales.ch\\\/wp-content\\\/uploads\\\/2023\\\/07\\\/Photo-medaille-dor-scaled.jpg\",\"contentUrl\":\"https:\\\/\\\/domainepourtales.ch\\\/wp-content\\\/uploads\\\/2023\\\/07\\\/Photo-medaille-dor-scaled.jpg\",\"width\":2560,\"height\":1707},{\"@type\":\"BreadcrumbList\",\"@id\":\"https:\\\/\\\/domainepourtales.ch\\\/resultats-et-remise-de-prix-de-la-selection-des-vins-de-neuchatel\\\/#breadcrumb\",\"itemListElement\":[{\"@type\":\"ListItem\",\"position\":1,\"name\":\"Accueil\",\"item\":\"https:\\\/\\\/domainepourtales.ch\\\/\"},{\"@type\":\"ListItem\",\"position\":2,\"name\":\"R\u00e9sultats et remise de prix de la S\u00e9lection des Vins de Neuch\u00e2tel\"}]},{\"@type\":\"WebSite\",\"@id\":\"https:\\\/\\\/domainepourtales.ch\\\/#website\",\"url\":\"https:\\\/\\\/domainepourtales.ch\\\/\",\"name\":\"Domaine H\u00f4pital Pourtal\u00e8s\",\"description\":\"Nos vins, pour le bien-\u00eatre des patients\",\"potentialAction\":[{\"@type\":\"SearchAction\",\"target\":{\"@type\":\"EntryPoint\",\"urlTemplate\":\"https:\\\/\\\/domainepourtales.ch\\\/?s={search_term_string}\"},\"query-input\":{\"@type\":\"PropertyValueSpecification\",\"valueRequired\":true,\"valueName\":\"search_term_string\"}}],\"inLanguage\":\"de\"},{\"@type\":\"Person\",\"@id\":\"https:\\\/\\\/domainepourtales.ch\\\/#\\\/schema\\\/person\\\/4d8a029457a29083863bc71dcea1d791\",\"name\":\"Nathan\",\"image\":{\"@type\":\"ImageObject\",\"inLanguage\":\"de\",\"@id\":\"https:\\\/\\\/secure.gravatar.com\\\/avatar\\\/c95ee425710888fc9ca55a4c67a35aa912bcfd70412f5db9ab781601be301d9b?s=96&d=mm&r=g\",\"url\":\"https:\\\/\\\/secure.gravatar.com\\\/avatar\\\/c95ee425710888fc9ca55a4c67a35aa912bcfd70412f5db9ab781601be301d9b?s=96&d=mm&r=g\",\"contentUrl\":\"https:\\\/\\\/secure.gravatar.com\\\/avatar\\\/c95ee425710888fc9ca55a4c67a35aa912bcfd70412f5db9ab781601be301d9b?s=96&d=mm&r=g\",\"caption\":\"Nathan\"},\"sameAs\":[\"http:\\\/\\\/domainepourtales.ch\"],\"url\":\"https:\\\/\\\/domainepourtales.ch\\\/de\\\/author\\\/suppdhdp\\\/\"}]}<\/script>\n<!-- \/ Yoast SEO plugin. -->","yoast_head_json":{"title":"R\u00e9sultats et remise de prix de la S\u00e9lection des Vins de Neuch\u00e2tel - Domaine H\u00f4pital Pourtal\u00e8s","robots":{"index":"index","follow":"follow","max-snippet":"max-snippet:-1","max-image-preview":"max-image-preview:large","max-video-preview":"max-video-preview:-1"},"canonical":"https:\/\/domainepourtales.ch\/de\/resultats-et-remise-de-prix-de-la-selection-des-vins-de-neuchatel\/","og_locale":"de_DE","og_type":"article","og_title":"R\u00e9sultats et remise de prix de la S\u00e9lection des Vins de Neuch\u00e2tel - Domaine H\u00f4pital Pourtal\u00e8s","og_description":"De magnifique r\u00e9compense pour nos vins! 3 s\u00e9lections Or, avec le chasselas Non Filtr\u00e9 2022, le Chardonnay 2022 et notre Mousseux de Chasselas brut. Les encaveurs neuch\u00e2telois se sont retrouv\u00e9s dans le cadre idyllique du Ch\u00e2teau de Neuch\u00e2tel, pour la remise de la S\u00e9lection des Vins de Neuch\u00e2tel. Sur 259 vins pr\u00e9sent\u00e9s, 69 ont \u00e9t\u00e9 [&hellip;]","og_url":"https:\/\/domainepourtales.ch\/de\/resultats-et-remise-de-prix-de-la-selection-des-vins-de-neuchatel\/","og_site_name":"Domaine H\u00f4pital Pourtal\u00e8s","article_published_time":"2023-07-18T12:57:58+00:00","article_modified_time":"2023-07-18T12:58:00+00:00","og_image":[{"width":2560,"height":1707,"url":"https:\/\/domainepourtales.ch\/wp-content\/uploads\/2023\/07\/Photo-medaille-dor-scaled.jpg","type":"image\/jpeg"}],"author":"Nathan","twitter_card":"summary_large_image","twitter_misc":{"Verfasst von":"Nathan","Gesch\u00e4tzte Lesezeit":"1\u00a0Minute"},"schema":{"@context":"https:\/\/schema.org","@graph":[{"@type":"Article","@id":"https:\/\/domainepourtales.ch\/resultats-et-remise-de-prix-de-la-selection-des-vins-de-neuchatel\/#article","isPartOf":{"@id":"https:\/\/domainepourtales.ch\/resultats-et-remise-de-prix-de-la-selection-des-vins-de-neuchatel\/"},"author":{"name":"Nathan","@id":"https:\/\/domainepourtales.ch\/#\/schema\/person\/4d8a029457a29083863bc71dcea1d791"},"headline":"R\u00e9sultats et remise de prix de la S\u00e9lection des Vins de Neuch\u00e2tel","datePublished":"2023-07-18T12:57:58+00:00","dateModified":"2023-07-18T12:58:00+00:00","mainEntityOfPage":{"@id":"https:\/\/domainepourtales.ch\/resultats-et-remise-de-prix-de-la-selection-des-vins-de-neuchatel\/"},"wordCount":208,"commentCount":0,"image":{"@id":"https:\/\/domainepourtales.ch\/resultats-et-remise-de-prix-de-la-selection-des-vins-de-neuchatel\/#primaryimage"},"thumbnailUrl":"https:\/\/domainepourtales.ch\/wp-content\/uploads\/2023\/07\/Photo-medaille-dor-scaled.jpg","articleSection":["Actualit\u00e9s"],"inLanguage":"de","potentialAction":[{"@type":"CommentAction","name":"Comment","target":["https:\/\/domainepourtales.ch\/resultats-et-remise-de-prix-de-la-selection-des-vins-de-neuchatel\/#respond"]}]},{"@type":"WebPage","@id":"https:\/\/domainepourtales.ch\/resultats-et-remise-de-prix-de-la-selection-des-vins-de-neuchatel\/","url":"https:\/\/domainepourtales.ch\/resultats-et-remise-de-prix-de-la-selection-des-vins-de-neuchatel\/","name":"R\u00e9sultats et remise de prix de la S\u00e9lection des Vins de Neuch\u00e2tel - Domaine H\u00f4pital Pourtal\u00e8s","isPartOf":{"@id":"https:\/\/domainepourtales.ch\/#website"},"primaryImageOfPage":{"@id":"https:\/\/domainepourtales.ch\/resultats-et-remise-de-prix-de-la-selection-des-vins-de-neuchatel\/#primaryimage"},"image":{"@id":"https:\/\/domainepourtales.ch\/resultats-et-remise-de-prix-de-la-selection-des-vins-de-neuchatel\/#primaryimage"},"thumbnailUrl":"https:\/\/domainepourtales.ch\/wp-content\/uploads\/2023\/07\/Photo-medaille-dor-scaled.jpg","datePublished":"2023-07-18T12:57:58+00:00","dateModified":"2023-07-18T12:58:00+00:00","author":{"@id":"https:\/\/domainepourtales.ch\/#\/schema\/person\/4d8a029457a29083863bc71dcea1d791"},"breadcrumb":{"@id":"https:\/\/domainepourtales.ch\/resultats-et-remise-de-prix-de-la-selection-des-vins-de-neuchatel\/#breadcrumb"},"inLanguage":"de","potentialAction":[{"@type":"ReadAction","target":["https:\/\/domainepourtales.ch\/resultats-et-remise-de-prix-de-la-selection-des-vins-de-neuchatel\/"]}]},{"@type":"ImageObject","inLanguage":"de","@id":"https:\/\/domainepourtales.ch\/resultats-et-remise-de-prix-de-la-selection-des-vins-de-neuchatel\/#primaryimage","url":"https:\/\/domainepourtales.ch\/wp-content\/uploads\/2023\/07\/Photo-medaille-dor-scaled.jpg","contentUrl":"https:\/\/domainepourtales.ch\/wp-content\/uploads\/2023\/07\/Photo-medaille-dor-scaled.jpg","width":2560,"height":1707},{"@type":"BreadcrumbList","@id":"https:\/\/domainepourtales.ch\/resultats-et-remise-de-prix-de-la-selection-des-vins-de-neuchatel\/#breadcrumb","itemListElement":[{"@type":"ListItem","position":1,"name":"Accueil","item":"https:\/\/domainepourtales.ch\/"},{"@type":"ListItem","position":2,"name":"R\u00e9sultats et remise de prix de la S\u00e9lection des Vins de Neuch\u00e2tel"}]},{"@type":"WebSite","@id":"https:\/\/domainepourtales.ch\/#website","url":"https:\/\/domainepourtales.ch\/","name":"Domaine H\u00f4pital Pourtal\u00e8s","description":"Unsere Weine, f\u00fcr das Wohlbefinden der Patienten","potentialAction":[{"@type":"SearchAction","target":{"@type":"EntryPoint","urlTemplate":"https:\/\/domainepourtales.ch\/?s={search_term_string}"},"query-input":{"@type":"PropertyValueSpecification","valueRequired":true,"valueName":"search_term_string"}}],"inLanguage":"de"},{"@type":"Person","@id":"https:\/\/domainepourtales.ch\/#\/schema\/person\/4d8a029457a29083863bc71dcea1d791","name":"Nathan","image":{"@type":"ImageObject","inLanguage":"de","@id":"https:\/\/secure.gravatar.com\/avatar\/c95ee425710888fc9ca55a4c67a35aa912bcfd70412f5db9ab781601be301d9b?s=96&d=mm&r=g","url":"https:\/\/secure.gravatar.com\/avatar\/c95ee425710888fc9ca55a4c67a35aa912bcfd70412f5db9ab781601be301d9b?s=96&d=mm&r=g","contentUrl":"https:\/\/secure.gravatar.com\/avatar\/c95ee425710888fc9ca55a4c67a35aa912bcfd70412f5db9ab781601be301d9b?s=96&d=mm&r=g","caption":"Nathan"},"sameAs":["http:\/\/domainepourtales.ch"],"url":"https:\/\/domainepourtales.ch\/de\/author\/suppdhdp\/"}]}},"_links":{"self":[{"href":"https:\/\/domainepourtales.ch\/de\/wp-json\/wp\/v2\/posts\/30219","targetHints":{"allow":["GET"]}}],"collection":[{"href":"https:\/\/domainepourtales.ch\/de\/wp-json\/wp\/v2\/posts"}],"about":[{"href":"https:\/\/domainepourtales.ch\/de\/wp-json\/wp\/v2\/types\/post"}],"author":[{"embeddable":true,"href":"https:\/\/domainepourtales.ch\/de\/wp-json\/wp\/v2\/users\/1"}],"replies":[{"embeddable":true,"href":"https:\/\/domainepourtales.ch\/de\/wp-json\/wp\/v2\/comments?post=30219"}],"version-history":[{"count":0,"href":"https:\/\/domainepourtales.ch\/de\/wp-json\/wp\/v2\/posts\/30219\/revisions"}],"wp:featuredmedia":[{"embeddable":true,"href":"https:\/\/domainepourtales.ch\/de\/wp-json\/wp\/v2\/media\/30220"}],"wp:attachment":[{"href":"https:\/\/domainepourtales.ch\/de\/wp-json\/wp\/v2\/media?parent=30219"}],"wp:term":[{"taxonomy":"category","embeddable":true,"href":"https:\/\/domainepourtales.ch\/de\/wp-json\/wp\/v2\/categories?post=30219"},{"taxonomy":"post_tag","embeddable":true,"href":"https:\/\/domainepourtales.ch\/de\/wp-json\/wp\/v2\/tags?post=30219"}],"curies":[{"name":"wp","href":"https:\/\/api.w.org\/{rel}","templated":true}]}}